{"id":32346,"date":"2016-05-27T12:42:25","date_gmt":"2016-05-27T12:42:25","guid":{"rendered":"http:\/\/olimigjorn.com\/mig\/?p=32346"},"modified":"2017-03-07T13:06:37","modified_gmt":"2017-03-07T12:06:37","slug":"visita-amb-maridatge-gastronomic-a-oli-migjorn-aquest-diumenge-29-de-maig","status":"publish","type":"post","link":"https:\/\/olimigjorn.com\/en\/visita-amb-maridatge-gastronomic-a-oli-migjorn-aquest-diumenge-29-de-maig\/","title":{"rendered":"Visita amb maridatge gastron\u00f2mic a Oli Migjorn aquest diumenge 29 de maig"},"content":{"rendered":"<p><em><a class=\"dt-single-image\" href=\"http:\/\/olimigjorn.com\/mig\/wp-content\/uploads\/2016\/05\/OliMigjorn01.jpg\" data-dt-img-description=\"\"><img class=\"alignleft wp-image-32347 size-medium\" src=\"http:\/\/olimigjorn.com\/mig\/wp-content\/uploads\/2016\/05\/OliMigjorn01-300x225.jpg\" alt=\"OliMigjorn01\" width=\"300\" height=\"225\" \/><\/a>En el marc de la Setmana Bio i la del Geoparc de la Catalunya Central, Oli Migjorn ha organitzat per aquest diumenge 29 una visita guiada amb maridatge gastron\u00f2mic dels seus olis amb productes de la zona.<\/em><\/p>\n<p>Diferents plats pel cuiner i t\u00e8cnic de Migjorn, Albert Guitart, seran els protagonistes dels maridatge amb els olis de les varietats Corbella, Picual i Arbequina, amb les seves varietats arom\u00e0tiques. La visita constar\u00e0 tamb\u00e9 d\u2019una petita excursi\u00f3 per les oliveres, els tast de totes les varietats d\u2019olis de Migjorn. Es pot reservar l\u2019activitat al 690023117 o a comunicaci\u00f3@olimigjorn.com.<\/p>\n<p>Oli Migjorn, com altres productors de la contrada, \u00e9s present a la setmana del Geoparc de la Catalunya Central, i aix\u00ed com a la Setmana Bio que organitza el Departament d\u2019Agricultura de la Generalitat de Catalunya, on hi podeu trobar tamb\u00e9 pel mateix diumenge el Men\u00fa #SetmanaBIO dels Olis Migjorn a l\u2019Alberg de Castelladral, un magn\u00edfic men\u00fa degustaci\u00f3 per arrodonir el diumenge.<\/p>\n","protected":false},"excerpt":{"rendered":"<p>En el marc de la Setmana Bio i la del Geoparc de la Catalunya Central, Oli Migjorn ha organitzat per aquest diumenge 29 una visita guiada amb maridatge gastron\u00f2mic dels seus olis amb productes de la zona. Diferents plats pel cuiner i t\u00e8cnic de Migjorn, Albert Guitart, seran els protagonistes dels maridatge amb els olis [&hellip;]<\/p>\n","protected":false},"author":2,"featured_media":32356,"comment_status":"closed","ping_status":"closed","sticky":false,"template":"","format":"standard","meta":[],"categories":[1,9,11],"tags":[],"yoast_head":"<!-- This site is optimized with the Yoast SEO plugin v17.4 - https:\/\/yoast.com\/wordpress\/plugins\/seo\/ -->\n<meta name=\"robots\" content=\"index, follow, max-snippet:-1, max-image-preview:large, max-video-preview:-1\" \/>\n<link rel=\"canonical\" href=\"https:\/\/olimigjorn.com\/en\/visita-amb-maridatge-gastronomic-a-oli-migjorn-aquest-diumenge-29-de-maig\/\" \/>\n<meta property=\"og:locale\" content=\"en_US\" \/>\n<meta property=\"og:type\" content=\"article\" \/>\n<meta property=\"og:title\" content=\"Visita amb maridatge gastron\u00f2mic a Oli Migjorn aquest diumenge 29 de maig - Oli Migjorn\" \/>\n<meta property=\"og:description\" content=\"En el marc de la Setmana Bio i la del Geoparc de la Catalunya Central, Oli Migjorn ha organitzat per aquest diumenge 29 una visita guiada amb maridatge gastron\u00f2mic dels seus olis amb productes de la zona. Diferents plats pel cuiner i t\u00e8cnic de Migjorn, Albert Guitart, seran els protagonistes dels maridatge amb els olis [&hellip;]\" \/>\n<meta property=\"og:url\" content=\"https:\/\/olimigjorn.com\/en\/visita-amb-maridatge-gastronomic-a-oli-migjorn-aquest-diumenge-29-de-maig\/\" \/>\n<meta property=\"og:site_name\" content=\"Oli Migjorn\" \/>\n<meta property=\"article:published_time\" content=\"2016-05-27T12:42:25+00:00\" \/>\n<meta property=\"article:modified_time\" content=\"2017-03-07T12:06:37+00:00\" \/>\n<meta property=\"og:image\" content=\"https:\/\/olimigjorn.com\/wp-content\/uploads\/2016\/05\/OliMigjorn01.jpg\" \/>\n\t<meta property=\"og:image:width\" content=\"3264\" \/>\n\t<meta property=\"og:image:height\" content=\"2448\" \/>\n<meta name=\"twitter:card\" content=\"summary\" \/>\n<meta name=\"twitter:label1\" content=\"Written by\" \/>\n\t<meta name=\"twitter:data1\" content=\"olimigjorn\" \/>\n\t<meta name=\"twitter:label2\" content=\"Est. reading time\" \/>\n\t<meta name=\"twitter:data2\" content=\"1 minute\" \/>\n<!-- \/ Yoast SEO plugin. -->","yoast_head_json":{"robots":{"index":"index","follow":"follow","max-snippet":"max-snippet:-1","max-image-preview":"max-image-preview:large","max-video-preview":"max-video-preview:-1"},"canonical":"https:\/\/olimigjorn.com\/en\/visita-amb-maridatge-gastronomic-a-oli-migjorn-aquest-diumenge-29-de-maig\/","og_locale":"en_US","og_type":"article","og_title":"Visita amb maridatge gastron\u00f2mic a Oli Migjorn aquest diumenge 29 de maig - Oli Migjorn","og_description":"En el marc de la Setmana Bio i la del Geoparc de la Catalunya Central, Oli Migjorn ha organitzat per aquest diumenge 29 una visita guiada amb maridatge gastron\u00f2mic dels seus olis amb productes de la zona. Diferents plats pel cuiner i t\u00e8cnic de Migjorn, Albert Guitart, seran els protagonistes dels maridatge amb els olis [&hellip;]","og_url":"https:\/\/olimigjorn.com\/en\/visita-amb-maridatge-gastronomic-a-oli-migjorn-aquest-diumenge-29-de-maig\/","og_site_name":"Oli Migjorn","article_published_time":"2016-05-27T12:42:25+00:00","article_modified_time":"2017-03-07T12:06:37+00:00","og_image":[{"width":3264,"height":2448,"url":"https:\/\/olimigjorn.com\/wp-content\/uploads\/2016\/05\/OliMigjorn01.jpg","type":"image\/jpeg"}],"twitter_card":"summary","twitter_misc":{"Written by":"olimigjorn","Est. reading time":"1 minute"},"schema":{"@context":"https:\/\/schema.org","@graph":[]}},"_links":{"self":[{"href":"https:\/\/olimigjorn.com\/en\/wp-json\/wp\/v2\/posts\/32346"}],"collection":[{"href":"https:\/\/olimigjorn.com\/en\/wp-json\/wp\/v2\/posts"}],"about":[{"href":"https:\/\/olimigjorn.com\/en\/wp-json\/wp\/v2\/types\/post"}],"author":[{"embeddable":true,"href":"https:\/\/olimigjorn.com\/en\/wp-json\/wp\/v2\/users\/2"}],"replies":[{"embeddable":true,"href":"https:\/\/olimigjorn.com\/en\/wp-json\/wp\/v2\/comments?post=32346"}],"version-history":[{"count":1,"href":"https:\/\/olimigjorn.com\/en\/wp-json\/wp\/v2\/posts\/32346\/revisions"}],"predecessor-version":[{"id":32357,"href":"https:\/\/olimigjorn.com\/en\/wp-json\/wp\/v2\/posts\/32346\/revisions\/32357"}],"wp:featuredmedia":[{"embeddable":true,"href":"https:\/\/olimigjorn.com\/en\/wp-json\/wp\/v2\/media\/32356"}],"wp:attachment":[{"href":"https:\/\/olimigjorn.com\/en\/wp-json\/wp\/v2\/media?parent=32346"}],"wp:term":[{"taxonomy":"category","embeddable":true,"href":"https:\/\/olimigjorn.com\/en\/wp-json\/wp\/v2\/categories?post=32346"},{"taxonomy":"post_tag","embeddable":true,"href":"https:\/\/olimigjorn.com\/en\/wp-json\/wp\/v2\/tags?post=32346"}],"curies":[{"name":"wp","href":"https:\/\/api.w.org\/{rel}","templated":true}]}}