{"id":32301,"date":"2016-02-08T17:24:07","date_gmt":"2016-02-08T17:24:07","guid":{"rendered":"http:\/\/olimigjorn.com\/mig\/?p=32301"},"modified":"2016-02-08T17:24:07","modified_gmt":"2016-02-08T17:24:07","slug":"oli-migjorn-participa-a-la-fira-biofach-a-alemanya","status":"publish","type":"post","link":"https:\/\/olimigjorn.com\/en\/oli-migjorn-participa-a-la-fira-biofach-a-alemanya\/","title":{"rendered":"Oli Migjorn participa a la fira BIOFACH a Alemanya"},"content":{"rendered":"<p><a class=\"dt-single-image\" href=\"http:\/\/olimigjorn.com\/mig\/wp-content\/uploads\/2016\/02\/BF_2015_T_06461.jpg\" data-dt-img-description=\"Erlebniswelt OLIVENOEL\"><img class=\"size-medium wp-image-32303 alignleft\" src=\"http:\/\/olimigjorn.com\/mig\/wp-content\/uploads\/2016\/02\/BF_2015_T_06461-300x200.jpg\" alt=\"Erlebniswelt OLIVENOEL\" width=\"300\" height=\"200\" \/><\/a>L\u2019empresa bagenca productora d\u2019oli tindr\u00e0 expositor a la fira de productes ecol\u00f2gics, de referencia a nivell europeu, Biofach.<\/p>\n<p>L\u2019esdeveniment obrir\u00e0 les seves portes a Nuremberg, del 10 al 13 de febrer, per reunir el principal mercat internacional de producte ecol\u00f2gic certificat. Oli Migjorn, que hi participa per tercer any consecutiu, vol aix\u00ed continuar aprofundint en l\u2019exportaci\u00f3 com a mitj\u00e0 per a consolidar el projecte. Els visitants de la fira internacional tindran al seu abast el seu oli d\u2019arbequina verge extra ecol\u00f2gic i les seves versions en arom\u00e0tics.<\/p>\n<p>M\u00e9s informaci\u00f3 a: https:\/\/www.biofach.de\/<\/p>\n","protected":false},"excerpt":{"rendered":"<p>L\u2019empresa bagenca productora d\u2019oli tindr\u00e0 expositor a la fira de productes ecol\u00f2gics, de referencia a nivell europeu, Biofach. L\u2019esdeveniment obrir\u00e0 les seves portes a Nuremberg, del 10 al 13 de febrer, per reunir el principal mercat internacional de producte ecol\u00f2gic certificat. Oli Migjorn, que hi participa per tercer any consecutiu, vol aix\u00ed continuar aprofundint en [&hellip;]<\/p>\n","protected":false},"author":2,"featured_media":0,"comment_status":"closed","ping_status":"closed","sticky":false,"template":"","format":"image","meta":[],"categories":[10,1,9],"tags":[],"yoast_head":"<!-- This site is optimized with the Yoast SEO plugin v17.4 - https:\/\/yoast.com\/wordpress\/plugins\/seo\/ -->\n<meta name=\"robots\" content=\"index, follow, max-snippet:-1, max-image-preview:large, max-video-preview:-1\" \/>\n<link rel=\"canonical\" href=\"https:\/\/olimigjorn.com\/oli-migjorn-participa-a-la-fira-biofach-a-alemanya\/\" \/>\n<meta property=\"og:locale\" content=\"en_US\" \/>\n<meta property=\"og:type\" content=\"article\" \/>\n<meta property=\"og:title\" content=\"Oli Migjorn participa a la fira BIOFACH a Alemanya - Oli Migjorn\" \/>\n<meta property=\"og:description\" content=\"L\u2019empresa bagenca productora d\u2019oli tindr\u00e0 expositor a la fira de productes ecol\u00f2gics, de referencia a nivell europeu, Biofach. L\u2019esdeveniment obrir\u00e0 les seves portes a Nuremberg, del 10 al 13 de febrer, per reunir el principal mercat internacional de producte ecol\u00f2gic certificat. Oli Migjorn, que hi participa per tercer any consecutiu, vol aix\u00ed continuar aprofundint en [&hellip;]\" \/>\n<meta property=\"og:url\" content=\"https:\/\/olimigjorn.com\/oli-migjorn-participa-a-la-fira-biofach-a-alemanya\/\" \/>\n<meta property=\"og:site_name\" content=\"Oli Migjorn\" \/>\n<meta property=\"article:published_time\" content=\"2016-02-08T17:24:07+00:00\" \/>\n<meta property=\"og:image\" content=\"http:\/\/olimigjorn.com\/mig\/wp-content\/uploads\/2016\/02\/BF_2015_T_06461-300x200.jpg\" \/>\n<meta name=\"twitter:card\" content=\"summary\" \/>\n<meta name=\"twitter:label1\" content=\"Written by\" \/>\n\t<meta name=\"twitter:data1\" content=\"olimigjorn\" \/>\n\t<meta name=\"twitter:label2\" content=\"Est. reading time\" \/>\n\t<meta name=\"twitter:data2\" content=\"1 minute\" \/>\n<!-- \/ Yoast SEO plugin. -->","yoast_head_json":{"robots":{"index":"index","follow":"follow","max-snippet":"max-snippet:-1","max-image-preview":"max-image-preview:large","max-video-preview":"max-video-preview:-1"},"canonical":"https:\/\/olimigjorn.com\/oli-migjorn-participa-a-la-fira-biofach-a-alemanya\/","og_locale":"en_US","og_type":"article","og_title":"Oli Migjorn participa a la fira BIOFACH a Alemanya - Oli Migjorn","og_description":"L\u2019empresa bagenca productora d\u2019oli tindr\u00e0 expositor a la fira de productes ecol\u00f2gics, de referencia a nivell europeu, Biofach. L\u2019esdeveniment obrir\u00e0 les seves portes a Nuremberg, del 10 al 13 de febrer, per reunir el principal mercat internacional de producte ecol\u00f2gic certificat. Oli Migjorn, que hi participa per tercer any consecutiu, vol aix\u00ed continuar aprofundint en [&hellip;]","og_url":"https:\/\/olimigjorn.com\/oli-migjorn-participa-a-la-fira-biofach-a-alemanya\/","og_site_name":"Oli Migjorn","article_published_time":"2016-02-08T17:24:07+00:00","og_image":[{"url":"http:\/\/olimigjorn.com\/mig\/wp-content\/uploads\/2016\/02\/BF_2015_T_06461-300x200.jpg"}],"twitter_card":"summary","twitter_misc":{"Written by":"olimigjorn","Est. reading time":"1 minute"},"schema":{"@context":"https:\/\/schema.org","@graph":[]}},"_links":{"self":[{"href":"https:\/\/olimigjorn.com\/en\/wp-json\/wp\/v2\/posts\/32301"}],"collection":[{"href":"https:\/\/olimigjorn.com\/en\/wp-json\/wp\/v2\/posts"}],"about":[{"href":"https:\/\/olimigjorn.com\/en\/wp-json\/wp\/v2\/types\/post"}],"author":[{"embeddable":true,"href":"https:\/\/olimigjorn.com\/en\/wp-json\/wp\/v2\/users\/2"}],"replies":[{"embeddable":true,"href":"https:\/\/olimigjorn.com\/en\/wp-json\/wp\/v2\/comments?post=32301"}],"version-history":[{"count":0,"href":"https:\/\/olimigjorn.com\/en\/wp-json\/wp\/v2\/posts\/32301\/revisions"}],"wp:attachment":[{"href":"https:\/\/olimigjorn.com\/en\/wp-json\/wp\/v2\/media?parent=32301"}],"wp:term":[{"taxonomy":"category","embeddable":true,"href":"https:\/\/olimigjorn.com\/en\/wp-json\/wp\/v2\/categories?post=32301"},{"taxonomy":"post_tag","embeddable":true,"href":"https:\/\/olimigjorn.com\/en\/wp-json\/wp\/v2\/tags?post=32301"}],"curies":[{"name":"wp","href":"https:\/\/api.w.org\/{rel}","templated":true}]}}