{"id":32226,"date":"2015-11-11T17:02:01","date_gmt":"2015-11-11T17:02:01","guid":{"rendered":"http:\/\/olimigjorn.com\/mig\/?p=32226"},"modified":"2015-11-11T17:02:01","modified_gmt":"2015-11-11T17:02:01","slug":"oli-migjorn-participa-al-i-workshop-anual-de-linsa-ub-sobre-loli-doliva","status":"publish","type":"post","link":"https:\/\/olimigjorn.com\/en\/oli-migjorn-participa-al-i-workshop-anual-de-linsa-ub-sobre-loli-doliva\/","title":{"rendered":"Oli Migjorn participa al I Workshop anual de l\u2019INSA-UB sobre l\u2019oli d\u2019oliva"},"content":{"rendered":"<p>Avui, 11 de novembre, Oli Migjorn participa al I Workshop anual de l\u2019<a href=\"http:\/\/www.ub.edu\/insa\/\">INSA-UB <\/a>(Institut de Recerca en Nutrici\u00f3 i Seguretat Aliment\u00e0ria) sobre l\u2019oli d\u2019oliva. Al Campus de l\u2019Alimentaci\u00f3 de Torribera<\/p>\n<p>M\u00e9s informaci\u00f3:<\/p>\n<p>http:\/\/www.ub.edu\/insa\/<\/p>\n<p><a href=\"http:\/\/blocfarminfo.ub.edu\/2015\/11\/05\/i-workshop-anual-de-linsa-ub-sobre-loli-doliva\/\">I Workshop anual de l&#8217;INSA-UB sobre l&#8217;oli&nbsp;d&#8217;oliva<\/a><\/p>\n","protected":false},"excerpt":{"rendered":"<p>Avui, 11 de novembre, Oli Migjorn participa al I Workshop anual de l\u2019INSA-UB (Institut de Recerca en Nutrici\u00f3 i Seguretat Aliment\u00e0ria) sobre l\u2019oli d\u2019oliva. Al Campus de l\u2019Alimentaci\u00f3 de Torribera M\u00e9s informaci\u00f3: http:\/\/www.ub.edu\/insa\/ I Workshop anual de l&#8217;INSA-UB sobre l&#8217;oli&nbsp;d&#8217;oliva<\/p>\n","protected":false},"author":2,"featured_media":32227,"comment_status":"closed","ping_status":"closed","sticky":false,"template":"","format":"standard","meta":[],"categories":[1,11],"tags":[],"yoast_head":"<!-- This site is optimized with the Yoast SEO plugin v17.4 - https:\/\/yoast.com\/wordpress\/plugins\/seo\/ -->\n<meta name=\"robots\" content=\"index, follow, max-snippet:-1, max-image-preview:large, max-video-preview:-1\" \/>\n<link rel=\"canonical\" href=\"https:\/\/olimigjorn.com\/en\/oli-migjorn-participa-al-i-workshop-anual-de-linsa-ub-sobre-loli-doliva\/\" \/>\n<meta property=\"og:locale\" content=\"en_US\" \/>\n<meta property=\"og:type\" content=\"article\" \/>\n<meta property=\"og:title\" content=\"Oli Migjorn participa al I Workshop anual de l\u2019INSA-UB sobre l\u2019oli d\u2019oliva - Oli Migjorn\" \/>\n<meta property=\"og:description\" content=\"Avui, 11 de novembre, Oli Migjorn participa al I Workshop anual de l\u2019INSA-UB (Institut de Recerca en Nutrici\u00f3 i Seguretat Aliment\u00e0ria) sobre l\u2019oli d\u2019oliva. Al Campus de l\u2019Alimentaci\u00f3 de Torribera M\u00e9s informaci\u00f3: http:\/\/www.ub.edu\/insa\/ I Workshop anual de l&#8217;INSA-UB sobre l&#8217;oli&nbsp;d&#8217;oliva\" \/>\n<meta property=\"og:url\" content=\"https:\/\/olimigjorn.com\/en\/oli-migjorn-participa-al-i-workshop-anual-de-linsa-ub-sobre-loli-doliva\/\" \/>\n<meta property=\"og:site_name\" content=\"Oli Migjorn\" \/>\n<meta property=\"article:published_time\" content=\"2015-11-11T17:02:01+00:00\" \/>\n<meta name=\"twitter:card\" content=\"summary\" \/>\n<meta name=\"twitter:label1\" content=\"Written by\" \/>\n\t<meta name=\"twitter:data1\" content=\"olimigjorn\" \/>\n<!-- \/ Yoast SEO plugin. -->","yoast_head_json":{"robots":{"index":"index","follow":"follow","max-snippet":"max-snippet:-1","max-image-preview":"max-image-preview:large","max-video-preview":"max-video-preview:-1"},"canonical":"https:\/\/olimigjorn.com\/en\/oli-migjorn-participa-al-i-workshop-anual-de-linsa-ub-sobre-loli-doliva\/","og_locale":"en_US","og_type":"article","og_title":"Oli Migjorn participa al I Workshop anual de l\u2019INSA-UB sobre l\u2019oli d\u2019oliva - Oli Migjorn","og_description":"Avui, 11 de novembre, Oli Migjorn participa al I Workshop anual de l\u2019INSA-UB (Institut de Recerca en Nutrici\u00f3 i Seguretat Aliment\u00e0ria) sobre l\u2019oli d\u2019oliva. Al Campus de l\u2019Alimentaci\u00f3 de Torribera M\u00e9s informaci\u00f3: http:\/\/www.ub.edu\/insa\/ I Workshop anual de l&#8217;INSA-UB sobre l&#8217;oli&nbsp;d&#8217;oliva","og_url":"https:\/\/olimigjorn.com\/en\/oli-migjorn-participa-al-i-workshop-anual-de-linsa-ub-sobre-loli-doliva\/","og_site_name":"Oli Migjorn","article_published_time":"2015-11-11T17:02:01+00:00","twitter_card":"summary","twitter_misc":{"Written by":"olimigjorn"},"schema":{"@context":"https:\/\/schema.org","@graph":[]}},"_links":{"self":[{"href":"https:\/\/olimigjorn.com\/en\/wp-json\/wp\/v2\/posts\/32226"}],"collection":[{"href":"https:\/\/olimigjorn.com\/en\/wp-json\/wp\/v2\/posts"}],"about":[{"href":"https:\/\/olimigjorn.com\/en\/wp-json\/wp\/v2\/types\/post"}],"author":[{"embeddable":true,"href":"https:\/\/olimigjorn.com\/en\/wp-json\/wp\/v2\/users\/2"}],"replies":[{"embeddable":true,"href":"https:\/\/olimigjorn.com\/en\/wp-json\/wp\/v2\/comments?post=32226"}],"version-history":[{"count":0,"href":"https:\/\/olimigjorn.com\/en\/wp-json\/wp\/v2\/posts\/32226\/revisions"}],"wp:featuredmedia":[{"embeddable":true,"href":"https:\/\/olimigjorn.com\/en\/wp-json\/wp\/v2\/media\/32227"}],"wp:attachment":[{"href":"https:\/\/olimigjorn.com\/en\/wp-json\/wp\/v2\/media?parent=32226"}],"wp:term":[{"taxonomy":"category","embeddable":true,"href":"https:\/\/olimigjorn.com\/en\/wp-json\/wp\/v2\/categories?post=32226"},{"taxonomy":"post_tag","embeddable":true,"href":"https:\/\/olimigjorn.com\/en\/wp-json\/wp\/v2\/tags?post=32226"}],"curies":[{"name":"wp","href":"https:\/\/api.w.org\/{rel}","templated":true}]}}