{"id":32220,"date":"2015-10-21T17:35:43","date_gmt":"2015-10-21T17:35:43","guid":{"rendered":"http:\/\/olimigjorn.com\/mig\/?p=32220"},"modified":"2015-10-21T17:35:43","modified_gmt":"2015-10-21T17:35:43","slug":"oli-migjorn-participa-a-fira-apat-2015-a-barcelona-aquest-cap-de-setmana","status":"publish","type":"post","link":"https:\/\/olimigjorn.com\/en\/oli-migjorn-participa-a-fira-apat-2015-a-barcelona-aquest-cap-de-setmana\/","title":{"rendered":"OLI MIGJORN participa a FIRA \u00c0PAT 2015 a Barcelona aquest cap de setmana."},"content":{"rendered":"<p><em><br \/>\nOli Migjorn arribar\u00e0 a Fira \u00c0pat amb el primer \u201coli de Raig\u201d de la varietat aut\u00f2ctona Corbella, de la qual se n\u2019est\u00e0 fent la collita.<\/em><\/p>\n<p>Tothom qui ho desitgi podr\u00e0 visitar el seu espai a la fira a l\u2019estand E20, des de les 4 de la tarda del divendres 23 d\u2019octubre fins les 8 del vespre del diumenge 25.<\/p>\n<p>L\u2019empresa bagenca exposar\u00e0 els seus diferents productes ecol\u00f2gics com d\u2019oli d\u2019arbequina, la xocolata arbequina, o la gamma d\u2019olis arom\u00e0tics.<\/p>\n<p>Fira \u00c0PAT, la fira dels aliments catalans, \u00e9s la primera trobada a nivell professional del sector de l\u2019alimentaci\u00f3 catal\u00e0 basada en els productors per tal de generar trobades amb distribu\u00efdors , botigues, cuiners, responsables de restaurants i hotels i p\u00fablic en general.<\/p>\n<p>El 2015 una de les tend\u00e8ncies que m\u00e9s impacte tindr\u00e0 sobre el consum \u00e9s la de l\u2019alimentaci\u00f3 de proximitat basada en la producci\u00f3 ecol\u00f2gica, per tant la fira \u00c0PAT\u00a0vol aportar aquest valor: el del producte elaborat, produ\u00eft i fet a casa.<\/p>\n<p>M\u00e9s informaci\u00f3:<br \/>\n<a href=\"http:\/\/olimigjorn.com\">http:\/\/olimigjorn.com<\/a><\/p>\n<p><a href=\"http:\/\/fira-apat.cat\/\">http:\/\/fira-apat.cat\/<\/a><\/p>\n<p>&nbsp;<\/p>\n","protected":false},"excerpt":{"rendered":"<p>Oli Migjorn arribar\u00e0 a Fira \u00c0pat amb el primer \u201coli de Raig\u201d de la varietat aut\u00f2ctona Corbella, de la qual se n\u2019est\u00e0 fent la collita. Tothom qui ho desitgi podr\u00e0 visitar el seu espai a la fira a l\u2019estand E20, des de les 4 de la tarda del divendres 23 d\u2019octubre fins les 8 del [&hellip;]<\/p>\n","protected":false},"author":2,"featured_media":32221,"comment_status":"closed","ping_status":"closed","sticky":false,"template":"","format":"standard","meta":[],"categories":[10,1,9,11],"tags":[],"yoast_head":"<!-- This site is optimized with the Yoast SEO plugin v17.4 - https:\/\/yoast.com\/wordpress\/plugins\/seo\/ -->\n<meta name=\"robots\" content=\"index, follow, max-snippet:-1, max-image-preview:large, max-video-preview:-1\" \/>\n<link rel=\"canonical\" href=\"https:\/\/olimigjorn.com\/en\/oli-migjorn-participa-a-fira-apat-2015-a-barcelona-aquest-cap-de-setmana\/\" \/>\n<meta property=\"og:locale\" content=\"en_US\" \/>\n<meta property=\"og:type\" content=\"article\" \/>\n<meta property=\"og:title\" content=\"OLI MIGJORN participa a FIRA \u00c0PAT 2015 a Barcelona aquest cap de setmana. - Oli Migjorn\" \/>\n<meta property=\"og:description\" content=\"Oli Migjorn arribar\u00e0 a Fira \u00c0pat amb el primer \u201coli de Raig\u201d de la varietat aut\u00f2ctona Corbella, de la qual se n\u2019est\u00e0 fent la collita. Tothom qui ho desitgi podr\u00e0 visitar el seu espai a la fira a l\u2019estand E20, des de les 4 de la tarda del divendres 23 d\u2019octubre fins les 8 del [&hellip;]\" \/>\n<meta property=\"og:url\" content=\"https:\/\/olimigjorn.com\/en\/oli-migjorn-participa-a-fira-apat-2015-a-barcelona-aquest-cap-de-setmana\/\" \/>\n<meta property=\"og:site_name\" content=\"Oli Migjorn\" \/>\n<meta property=\"article:published_time\" content=\"2015-10-21T17:35:43+00:00\" \/>\n<meta name=\"twitter:card\" content=\"summary\" \/>\n<meta name=\"twitter:label1\" content=\"Written by\" \/>\n\t<meta name=\"twitter:data1\" content=\"olimigjorn\" \/>\n\t<meta name=\"twitter:label2\" content=\"Est. reading time\" \/>\n\t<meta name=\"twitter:data2\" content=\"1 minute\" \/>\n<!-- \/ Yoast SEO plugin. -->","yoast_head_json":{"robots":{"index":"index","follow":"follow","max-snippet":"max-snippet:-1","max-image-preview":"max-image-preview:large","max-video-preview":"max-video-preview:-1"},"canonical":"https:\/\/olimigjorn.com\/en\/oli-migjorn-participa-a-fira-apat-2015-a-barcelona-aquest-cap-de-setmana\/","og_locale":"en_US","og_type":"article","og_title":"OLI MIGJORN participa a FIRA \u00c0PAT 2015 a Barcelona aquest cap de setmana. - Oli Migjorn","og_description":"Oli Migjorn arribar\u00e0 a Fira \u00c0pat amb el primer \u201coli de Raig\u201d de la varietat aut\u00f2ctona Corbella, de la qual se n\u2019est\u00e0 fent la collita. Tothom qui ho desitgi podr\u00e0 visitar el seu espai a la fira a l\u2019estand E20, des de les 4 de la tarda del divendres 23 d\u2019octubre fins les 8 del [&hellip;]","og_url":"https:\/\/olimigjorn.com\/en\/oli-migjorn-participa-a-fira-apat-2015-a-barcelona-aquest-cap-de-setmana\/","og_site_name":"Oli Migjorn","article_published_time":"2015-10-21T17:35:43+00:00","twitter_card":"summary","twitter_misc":{"Written by":"olimigjorn","Est. reading time":"1 minute"},"schema":{"@context":"https:\/\/schema.org","@graph":[]}},"_links":{"self":[{"href":"https:\/\/olimigjorn.com\/en\/wp-json\/wp\/v2\/posts\/32220"}],"collection":[{"href":"https:\/\/olimigjorn.com\/en\/wp-json\/wp\/v2\/posts"}],"about":[{"href":"https:\/\/olimigjorn.com\/en\/wp-json\/wp\/v2\/types\/post"}],"author":[{"embeddable":true,"href":"https:\/\/olimigjorn.com\/en\/wp-json\/wp\/v2\/users\/2"}],"replies":[{"embeddable":true,"href":"https:\/\/olimigjorn.com\/en\/wp-json\/wp\/v2\/comments?post=32220"}],"version-history":[{"count":0,"href":"https:\/\/olimigjorn.com\/en\/wp-json\/wp\/v2\/posts\/32220\/revisions"}],"wp:featuredmedia":[{"embeddable":true,"href":"https:\/\/olimigjorn.com\/en\/wp-json\/wp\/v2\/media\/32221"}],"wp:attachment":[{"href":"https:\/\/olimigjorn.com\/en\/wp-json\/wp\/v2\/media?parent=32220"}],"wp:term":[{"taxonomy":"category","embeddable":true,"href":"https:\/\/olimigjorn.com\/en\/wp-json\/wp\/v2\/categories?post=32220"},{"taxonomy":"post_tag","embeddable":true,"href":"https:\/\/olimigjorn.com\/en\/wp-json\/wp\/v2\/tags?post=32220"}],"curies":[{"name":"wp","href":"https:\/\/api.w.org\/{rel}","templated":true}]}}