{"id":32527,"date":"2017-07-11T09:19:11","date_gmt":"2017-07-11T08:19:11","guid":{"rendered":"http:\/\/olimigjorn.com\/?p=32527"},"modified":"2017-07-11T09:41:39","modified_gmt":"2017-07-11T08:41:39","slug":"benvinguts-nova-pagina-web","status":"publish","type":"post","link":"https:\/\/olimigjorn.com\/ca\/benvinguts-nova-pagina-web\/","title":{"rendered":"Benvinguts a la nova p\u00e0gina web"},"content":{"rendered":"<p><strong><img class=\" wp-image-32529 alignleft\" src=\"http:\/\/olimigjorn.com\/wp-content\/uploads\/2017\/07\/Captura-de-pantalla-2017-07-11-10.20.01-400x400.png\" alt=\"\" width=\"321\" height=\"321\" srcset=\"https:\/\/olimigjorn.com\/wp-content\/uploads\/2017\/07\/Captura-de-pantalla-2017-07-11-10.20.01-400x400.png 400w, https:\/\/olimigjorn.com\/wp-content\/uploads\/2017\/07\/Captura-de-pantalla-2017-07-11-10.20.01-300x300.png 300w, https:\/\/olimigjorn.com\/wp-content\/uploads\/2017\/07\/Captura-de-pantalla-2017-07-11-10.20.01-100x100.png 100w, https:\/\/olimigjorn.com\/wp-content\/uploads\/2017\/07\/Captura-de-pantalla-2017-07-11-10.20.01-150x150.png 150w\" sizes=\"(max-width: 321px) 100vw, 321px\" \/>Despr\u00e9s de molt d&#8217;esfor\u00e7 us presentem la nova p\u00e0gina web d&#8217;Oli Migjorn amb el disseny i programaci\u00f3 d&#8217;E2S i la col\u00b7laboraci\u00f3 de Caberset!<\/strong><\/p>\n<p>Li hem fet un rentat de cara, ara \u00e9s molt m\u00e9s \u00e0gil, visual i pr\u00e0ctica. Hi trobareu informaci\u00f3 sobre el projecte Migjorn, les nostres instal\u00b7lacions i les activitats que oferim. A part, podreu veure en tot moment les novetats a trav\u00e9s de les xarxes socials.<\/p>\n<p style=\"text-align: center;\"><em><strong>El que \u00e9s m\u00e9s important!<\/strong> <\/em><strong>A partir d&#8217;ara ja podreu comprar els nostres productes a trav\u00e9s de la p\u00e0gina web!!\u00a0<\/strong><\/p>\n<p>Per a nosaltres \u00e9s un pas m\u00e9s i estem molt contents que vosaltres en podeu gaudir :).<\/p>\n<p>Esperem que us agradi!<\/p>\n<p style=\"text-align: right;\">L&#8217;Equip de Migjorn.<\/p>\n<p><\/p>","protected":false},"excerpt":{"rendered":"<p>Despr\u00e9s de molt d&#8217;esfor\u00e7 us presentem la nova p\u00e0gina web d&#8217;Oli Migjorn amb el disseny i programaci\u00f3 d&#8217;E2S i la col\u00b7laboraci\u00f3 de Caberset! Li hem fet un rentat de cara, ara \u00e9s molt m\u00e9s \u00e0gil, visual i pr\u00e0ctica. Hi trobareu informaci\u00f3 sobre el projecte Migjorn, les nostres instal\u00b7lacions i les activitats que oferim. A part, [&hellip;]<\/p>\n","protected":false},"author":2,"featured_media":32529,"comment_status":"closed","ping_status":"closed","sticky":false,"template":"","format":"standard","meta":[],"categories":[1],"tags":[],"yoast_head":"<!-- This site is optimized with the Yoast SEO plugin v17.4 - https:\/\/yoast.com\/wordpress\/plugins\/seo\/ -->\n<meta name=\"robots\" content=\"index, follow, max-snippet:-1, max-image-preview:large, max-video-preview:-1\" \/>\n<link rel=\"canonical\" href=\"https:\/\/olimigjorn.com\/benvinguts-nova-pagina-web\/\" \/>\n<meta property=\"og:locale\" content=\"ca_ES\" \/>\n<meta property=\"og:type\" content=\"article\" \/>\n<meta property=\"og:title\" content=\"Benvinguts a la nova p\u00e0gina web - Oli Migjorn\" \/>\n<meta property=\"og:description\" content=\"Despr\u00e9s de molt d&#8217;esfor\u00e7 us presentem la nova p\u00e0gina web d&#8217;Oli Migjorn amb el disseny i programaci\u00f3 d&#8217;E2S i la col\u00b7laboraci\u00f3 de Caberset! Li hem fet un rentat de cara, ara \u00e9s molt m\u00e9s \u00e0gil, visual i pr\u00e0ctica. Hi trobareu informaci\u00f3 sobre el projecte Migjorn, les nostres instal\u00b7lacions i les activitats que oferim. A part, [&hellip;]\" \/>\n<meta property=\"og:url\" content=\"https:\/\/olimigjorn.com\/benvinguts-nova-pagina-web\/\" \/>\n<meta property=\"og:site_name\" content=\"Oli Migjorn\" \/>\n<meta property=\"article:published_time\" content=\"2017-07-11T08:19:11+00:00\" \/>\n<meta property=\"article:modified_time\" content=\"2017-07-11T08:41:39+00:00\" \/>\n<meta property=\"og:image\" content=\"https:\/\/olimigjorn.com\/wp-content\/uploads\/2017\/07\/Captura-de-pantalla-2017-07-11-10.20.01-1151x1440.png\" \/>\n\t<meta property=\"og:image:width\" content=\"1151\" \/>\n\t<meta property=\"og:image:height\" content=\"1440\" \/>\n<meta name=\"twitter:card\" content=\"summary\" \/>\n<meta name=\"twitter:label1\" content=\"Escrit per\" \/>\n\t<meta name=\"twitter:data1\" content=\"olimigjorn\" \/>\n\t<meta name=\"twitter:label2\" content=\"Temps estimat de lectura\" \/>\n\t<meta name=\"twitter:data2\" content=\"2 minuts\" \/>\n<!-- \/ Yoast SEO plugin. -->","yoast_head_json":{"robots":{"index":"index","follow":"follow","max-snippet":"max-snippet:-1","max-image-preview":"max-image-preview:large","max-video-preview":"max-video-preview:-1"},"canonical":"https:\/\/olimigjorn.com\/benvinguts-nova-pagina-web\/","og_locale":"ca_ES","og_type":"article","og_title":"Benvinguts a la nova p\u00e0gina web - Oli Migjorn","og_description":"Despr\u00e9s de molt d&#8217;esfor\u00e7 us presentem la nova p\u00e0gina web d&#8217;Oli Migjorn amb el disseny i programaci\u00f3 d&#8217;E2S i la col\u00b7laboraci\u00f3 de Caberset! Li hem fet un rentat de cara, ara \u00e9s molt m\u00e9s \u00e0gil, visual i pr\u00e0ctica. Hi trobareu informaci\u00f3 sobre el projecte Migjorn, les nostres instal\u00b7lacions i les activitats que oferim. A part, [&hellip;]","og_url":"https:\/\/olimigjorn.com\/benvinguts-nova-pagina-web\/","og_site_name":"Oli Migjorn","article_published_time":"2017-07-11T08:19:11+00:00","article_modified_time":"2017-07-11T08:41:39+00:00","og_image":[{"width":1151,"height":1440,"url":"https:\/\/olimigjorn.com\/wp-content\/uploads\/2017\/07\/Captura-de-pantalla-2017-07-11-10.20.01-1151x1440.png","type":"image\/png"}],"twitter_card":"summary","twitter_misc":{"Escrit per":"olimigjorn","Temps estimat de lectura":"2 minuts"},"schema":{"@context":"https:\/\/schema.org","@graph":[]}},"_links":{"self":[{"href":"https:\/\/olimigjorn.com\/ca\/wp-json\/wp\/v2\/posts\/32527"}],"collection":[{"href":"https:\/\/olimigjorn.com\/ca\/wp-json\/wp\/v2\/posts"}],"about":[{"href":"https:\/\/olimigjorn.com\/ca\/wp-json\/wp\/v2\/types\/post"}],"author":[{"embeddable":true,"href":"https:\/\/olimigjorn.com\/ca\/wp-json\/wp\/v2\/users\/2"}],"replies":[{"embeddable":true,"href":"https:\/\/olimigjorn.com\/ca\/wp-json\/wp\/v2\/comments?post=32527"}],"version-history":[{"count":4,"href":"https:\/\/olimigjorn.com\/ca\/wp-json\/wp\/v2\/posts\/32527\/revisions"}],"predecessor-version":[{"id":32532,"href":"https:\/\/olimigjorn.com\/ca\/wp-json\/wp\/v2\/posts\/32527\/revisions\/32532"}],"wp:featuredmedia":[{"embeddable":true,"href":"https:\/\/olimigjorn.com\/ca\/wp-json\/wp\/v2\/media\/32529"}],"wp:attachment":[{"href":"https:\/\/olimigjorn.com\/ca\/wp-json\/wp\/v2\/media?parent=32527"}],"wp:term":[{"taxonomy":"category","embeddable":true,"href":"https:\/\/olimigjorn.com\/ca\/wp-json\/wp\/v2\/categories?post=32527"},{"taxonomy":"post_tag","embeddable":true,"href":"https:\/\/olimigjorn.com\/ca\/wp-json\/wp\/v2\/tags?post=32527"}],"curies":[{"name":"wp","href":"https:\/\/api.w.org\/{rel}","templated":true}]}}