{"id":32231,"date":"2015-11-11T17:26:22","date_gmt":"2015-11-11T17:26:22","guid":{"rendered":"http:\/\/olimigjorn.com\/mig\/?p=32231"},"modified":"2015-11-11T17:26:22","modified_gmt":"2015-11-11T17:26:22","slug":"oli-migjorn-sera-al-biocultura-de-madrid","status":"publish","type":"post","link":"https:\/\/olimigjorn.com\/ca\/oli-migjorn-sera-al-biocultura-de-madrid\/","title":{"rendered":"Oli Migjorn ser\u00e0 al BIOCULTURA de Madrid"},"content":{"rendered":"<p><em><a class=\"dt-single-image\" href=\"http:\/\/olimigjorn.com\/mig\/wp-content\/uploads\/2015\/11\/la-fira-biocultura.jpg-d.jpg\" data-dt-img-description=\"\"><img class=\"alignleft size-medium wp-image-32232\" src=\"http:\/\/olimigjorn.com\/mig\/wp-content\/uploads\/2015\/11\/la-fira-biocultura.jpg-d-300x168.jpg\" alt=\"la-fira-biocultura.jpg-d\" width=\"300\" height=\"168\" \/><\/a>Oli Migjorn participa aquests dies a la fira internacional de productes ecol\u00f2gics Biocultura a Madrid. La fira se celebra del 12 al 15 de novembre de 2015, en la seva 31ena edici\u00f3.<\/em><\/p>\n<p>\u00c9s la fira de productes ecol\u00f2gics i consum responsable m\u00e9s important de l&#8217;estat espanyol i espera la participaci\u00f3 de m\u00e9s de 700 expositors i una visita superior de les 80.000 persones. M\u00e9s de 18.000 refer\u00e8ncies de productes d&#8217;alimentaci\u00f3 ecol\u00f2gica formen el major sector de la fira, acompanyat d&#8217;altres sectors com s\u00f3n productes per a la higiene i la cosm\u00e8tica amb ingredients certificats; t\u00e8xtil org\u00e0nic; ecomaterials, mobles i decoraci\u00f3 per a l&#8217;habitatge; energies renovables; ter\u00e0pies i medicines complement\u00e0ries; estalvi i reciclatge; ecologia; medi ambient; turisme rural i cases de rep\u00f2s; joguines; artesanies; m\u00fasica; llibres i revistes.<\/p>\n<p>http:\/\/www.biocultura.org\/<\/p>\n","protected":false},"excerpt":{"rendered":"<p>Oli Migjorn participa aquests dies a la fira internacional de productes ecol\u00f2gics Biocultura a Madrid. La fira se celebra del 12 al 15 de novembre de 2015, en la seva 31ena edici\u00f3. \u00c9s la fira de productes ecol\u00f2gics i consum responsable m\u00e9s important de l&#8217;estat espanyol i espera la participaci\u00f3 de m\u00e9s de 700 expositors [&hellip;]<\/p>\n","protected":false},"author":2,"featured_media":32232,"comment_status":"closed","ping_status":"closed","sticky":false,"template":"","format":"standard","meta":[],"categories":[10,1,9,11],"tags":[],"yoast_head":"<!-- This site is optimized with the Yoast SEO plugin v17.4 - https:\/\/yoast.com\/wordpress\/plugins\/seo\/ -->\n<meta name=\"robots\" content=\"index, follow, max-snippet:-1, max-image-preview:large, max-video-preview:-1\" \/>\n<link rel=\"canonical\" href=\"https:\/\/olimigjorn.com\/en\/oli-migjorn-sera-al-biocultura-de-madrid\/\" \/>\n<meta property=\"og:locale\" content=\"ca_ES\" \/>\n<meta property=\"og:type\" content=\"article\" \/>\n<meta property=\"og:title\" content=\"Oli Migjorn ser\u00e0 al BIOCULTURA de Madrid - Oli Migjorn\" \/>\n<meta property=\"og:description\" content=\"Oli Migjorn participa aquests dies a la fira internacional de productes ecol\u00f2gics Biocultura a Madrid. La fira se celebra del 12 al 15 de novembre de 2015, en la seva 31ena edici\u00f3. \u00c9s la fira de productes ecol\u00f2gics i consum responsable m\u00e9s important de l&#8217;estat espanyol i espera la participaci\u00f3 de m\u00e9s de 700 expositors [&hellip;]\" \/>\n<meta property=\"og:url\" content=\"https:\/\/olimigjorn.com\/en\/oli-migjorn-sera-al-biocultura-de-madrid\/\" \/>\n<meta property=\"og:site_name\" content=\"Oli Migjorn\" \/>\n<meta property=\"article:published_time\" content=\"2015-11-11T17:26:22+00:00\" \/>\n<meta name=\"twitter:card\" content=\"summary\" \/>\n<meta name=\"twitter:label1\" content=\"Escrit per\" \/>\n\t<meta name=\"twitter:data1\" content=\"olimigjorn\" \/>\n\t<meta name=\"twitter:label2\" content=\"Temps estimat de lectura\" \/>\n\t<meta name=\"twitter:data2\" content=\"1 minut\" \/>\n<!-- \/ Yoast SEO plugin. -->","yoast_head_json":{"robots":{"index":"index","follow":"follow","max-snippet":"max-snippet:-1","max-image-preview":"max-image-preview:large","max-video-preview":"max-video-preview:-1"},"canonical":"https:\/\/olimigjorn.com\/en\/oli-migjorn-sera-al-biocultura-de-madrid\/","og_locale":"ca_ES","og_type":"article","og_title":"Oli Migjorn ser\u00e0 al BIOCULTURA de Madrid - Oli Migjorn","og_description":"Oli Migjorn participa aquests dies a la fira internacional de productes ecol\u00f2gics Biocultura a Madrid. La fira se celebra del 12 al 15 de novembre de 2015, en la seva 31ena edici\u00f3. \u00c9s la fira de productes ecol\u00f2gics i consum responsable m\u00e9s important de l&#8217;estat espanyol i espera la participaci\u00f3 de m\u00e9s de 700 expositors [&hellip;]","og_url":"https:\/\/olimigjorn.com\/en\/oli-migjorn-sera-al-biocultura-de-madrid\/","og_site_name":"Oli Migjorn","article_published_time":"2015-11-11T17:26:22+00:00","twitter_card":"summary","twitter_misc":{"Escrit per":"olimigjorn","Temps estimat de lectura":"1 minut"},"schema":{"@context":"https:\/\/schema.org","@graph":[]}},"_links":{"self":[{"href":"https:\/\/olimigjorn.com\/ca\/wp-json\/wp\/v2\/posts\/32231"}],"collection":[{"href":"https:\/\/olimigjorn.com\/ca\/wp-json\/wp\/v2\/posts"}],"about":[{"href":"https:\/\/olimigjorn.com\/ca\/wp-json\/wp\/v2\/types\/post"}],"author":[{"embeddable":true,"href":"https:\/\/olimigjorn.com\/ca\/wp-json\/wp\/v2\/users\/2"}],"replies":[{"embeddable":true,"href":"https:\/\/olimigjorn.com\/ca\/wp-json\/wp\/v2\/comments?post=32231"}],"version-history":[{"count":0,"href":"https:\/\/olimigjorn.com\/ca\/wp-json\/wp\/v2\/posts\/32231\/revisions"}],"wp:featuredmedia":[{"embeddable":true,"href":"https:\/\/olimigjorn.com\/ca\/wp-json\/wp\/v2\/media\/32232"}],"wp:attachment":[{"href":"https:\/\/olimigjorn.com\/ca\/wp-json\/wp\/v2\/media?parent=32231"}],"wp:term":[{"taxonomy":"category","embeddable":true,"href":"https:\/\/olimigjorn.com\/ca\/wp-json\/wp\/v2\/categories?post=32231"},{"taxonomy":"post_tag","embeddable":true,"href":"https:\/\/olimigjorn.com\/ca\/wp-json\/wp\/v2\/tags?post=32231"}],"curies":[{"name":"wp","href":"https:\/\/api.w.org\/{rel}","templated":true}]}}