{"id":307,"date":"2015-07-26T09:10:08","date_gmt":"2015-07-26T09:10:08","guid":{"rendered":"http:\/\/localhost\/wordpress\/?p=1"},"modified":"2015-07-26T09:10:08","modified_gmt":"2015-07-26T09:10:08","slug":"hello-world","status":"publish","type":"post","link":"https:\/\/olimigjorn.com\/ca\/hello-world\/","title":{"rendered":"La corbella, oliva aut\u00f2ctona del Bages, arriba al circuit comercial"},"content":{"rendered":"<p>[vc_row][vc_column width=&#8221;1\/1&#8243;][dt_gap height=&#8221;20&#8243;][\/vc_column][\/vc_row][vc_row][vc_column][vc_column_text]<\/p>\n<h4>El projecte agropecuari bagenc de Migjorn recupera velles oliveres abandonades i en planta de noves.<\/h4>\n<p><span class=\"autor\">D.C.SAG\u00c0S <\/span>Afruitat, equilibrat i de gust potent. Aquesta podria ser la nota de tast de l&#8217;oli d&#8217;oliva extra verge Migjorn elaborat exclusivament amb olives de la varietat corbella, aut\u00f2ctona del Bages, que estava abandonada i en risc d&#8217;extinci\u00f3.<!--more--> L&#8217;empresa agropecu\u00e0ria Migjorn ha recuperat oliveres centen\u00e0ries de corbella i comercialitza el seu oli en establiments de productes de qualitat del Bages, Solson\u00e8s i Barcelona. Tamb\u00e9 es troba a les taules d&#8217;alguns restaurants com Els Casals de Sag\u00e0s, on ahir es va donar a con\u00e8ixer la proposta. A m\u00e9s han plantat 5.000 oliveres de corbella noves, a part de les velles que es troben en caps de marge. L&#8217;objectiu de les noves plantacions \u00e9s impulsar el cultiu d&#8217;aquesta varietat bagenca per oferir al mercat productes ecol\u00f2gics i amb valor afegit.<\/p>\n<p>Migjorn \u00e9s el nom comercial (i el nom de la masia de Nav\u00e0s on va comen\u00e7ar aquesta iniciativa) del projecte que lidera l&#8217;emprenedora bagenca Maria \u00c0ngels Rial. A les finques que t\u00e9 a Nav\u00e0s, Cardona, S\u00faria i Solsona hi t\u00e9 plantades 18 hect\u00e0rees d&#8217;oliveres. Actualment disposa de 5.000 oliveres d&#8217;olives corbella i de 8.000 d&#8217;arbequines. Aquest darrer oli es comercialitza amb el certificat del Consell Catal\u00e0 de la Producci\u00f3 Agr\u00e0ria Ecol\u00f2gica (CCPAE). A Solsona produeixen oli amb la marca Oli del Solson\u00e8s. En aquest cas \u00e9s un cupatge (barreja) del 70% d&#8217;olives corbella i la resta d&#8217;altres varietats. Actualment Migjorn treballa per tal que d&#8217;aqu\u00ed a tres anys l&#8217;oli de la corbella es pugui comercialitzar com a ecol\u00f2gic amb la certificaci\u00f3 corresponent. Per obtenir-la cal complir un seguit de requisits. Per exemple, cal utilitzar adobs org\u00e0nics de gallines, vedells o ovelles. El de porc no \u00e9s apte. A m\u00e9s no es poden utilitzar tractaments qu\u00edmics. T\u00e8cnics del CCPAE s&#8217;encarreguen d&#8217;analitzar un cop cada any la terra i mostres de les plantes per verificar que compleixen escrupolosament els requisits per ser oli ecol\u00f2gic, explica Maria \u00c0ngels Rial.<\/p>\n<p>Text de la not\u00edcia extreta del Regi\u00f3 7:\u00a0<a href=\"http:\/\/www.regio7.cat\/bages\/2014\/07\/22\/corbella-oliva-autoctona-del-bages\/276581.html\">www.regio7.cat<\/a>[\/vc_column_text][\/vc_column][\/vc_row][vc_row][vc_column width=&#8221;1\/1&#8243;][dt_gap height=&#8221;20&#8243;][\/vc_column][\/vc_row][vc_row][vc_column width=&#8221;1\/3&#8243;][vc_single_image image=&#8221;32181&#8243; border_color=&#8221;grey&#8221; img_link_large=&#8221;&#8221; img_link_target=&#8221;_self&#8221; image_hovers=&#8221;true&#8221; img_size=&#8221;full&#8221; alignment=&#8221;center&#8221;][\/vc_column][vc_column width=&#8221;1\/3&#8243;][vc_single_image image=&#8221;32182&#8243; border_color=&#8221;grey&#8221; img_link_large=&#8221;&#8221; img_link_target=&#8221;_self&#8221; image_hovers=&#8221;true&#8221; img_size=&#8221;full&#8221; alignment=&#8221;center&#8221;][\/vc_column][vc_column width=&#8221;1\/3&#8243;][vc_single_image image=&#8221;32183&#8243; border_color=&#8221;grey&#8221; img_link_large=&#8221;&#8221; img_link_target=&#8221;_self&#8221; image_hovers=&#8221;true&#8221; img_size=&#8221;full&#8221; alignment=&#8221;center&#8221;][\/vc_column][\/vc_row]<\/p>\n","protected":false},"excerpt":{"rendered":"<p>[vc_row][vc_column width=&#8221;1\/1&#8243;][dt_gap height=&#8221;20&#8243;][\/vc_column][\/vc_row][vc_row][vc_column][vc_column_text] El projecte agropecuari bagenc de Migjorn recupera velles oliveres abandonades i en planta de noves. D.C.SAG\u00c0S Afruitat, equilibrat i de gust potent. Aquesta podria ser la nota de tast de l&#8217;oli d&#8217;oliva extra verge Migjorn elaborat exclusivament amb olives de la varietat corbella, aut\u00f2ctona del Bages, que estava abandonada i en risc [&hellip;]<\/p>\n","protected":false},"author":2,"featured_media":32183,"comment_status":"closed","ping_status":"closed","sticky":false,"template":"","format":"standard","meta":[],"categories":[1,9],"tags":[],"yoast_head":"<!-- This site is optimized with the Yoast SEO plugin v17.4 - https:\/\/yoast.com\/wordpress\/plugins\/seo\/ -->\n<meta name=\"robots\" content=\"index, follow, max-snippet:-1, max-image-preview:large, max-video-preview:-1\" \/>\n<link rel=\"canonical\" href=\"https:\/\/olimigjorn.com\/en\/hello-world\/\" \/>\n<meta property=\"og:locale\" content=\"ca_ES\" \/>\n<meta property=\"og:type\" content=\"article\" \/>\n<meta property=\"og:title\" content=\"La corbella, oliva aut\u00f2ctona del Bages, arriba al circuit comercial - Oli Migjorn\" \/>\n<meta property=\"og:description\" content=\"[vc_row][vc_column width=&#8221;1\/1&#8243;][dt_gap height=&#8221;20&#8243;][\/vc_column][\/vc_row][vc_row][vc_column][vc_column_text] El projecte agropecuari bagenc de Migjorn recupera velles oliveres abandonades i en planta de noves. D.C.SAG\u00c0S Afruitat, equilibrat i de gust potent. Aquesta podria ser la nota de tast de l&#8217;oli d&#8217;oliva extra verge Migjorn elaborat exclusivament amb olives de la varietat corbella, aut\u00f2ctona del Bages, que estava abandonada i en risc [&hellip;]\" \/>\n<meta property=\"og:url\" content=\"https:\/\/olimigjorn.com\/en\/hello-world\/\" \/>\n<meta property=\"og:site_name\" content=\"Oli Migjorn\" \/>\n<meta property=\"article:published_time\" content=\"2015-07-26T09:10:08+00:00\" \/>\n<meta name=\"twitter:card\" content=\"summary\" \/>\n<meta name=\"twitter:label1\" content=\"Escrit per\" \/>\n\t<meta name=\"twitter:data1\" content=\"olimigjorn\" \/>\n\t<meta name=\"twitter:label2\" content=\"Temps estimat de lectura\" \/>\n\t<meta name=\"twitter:data2\" content=\"2 minuts\" \/>\n<!-- \/ Yoast SEO plugin. -->","yoast_head_json":{"robots":{"index":"index","follow":"follow","max-snippet":"max-snippet:-1","max-image-preview":"max-image-preview:large","max-video-preview":"max-video-preview:-1"},"canonical":"https:\/\/olimigjorn.com\/en\/hello-world\/","og_locale":"ca_ES","og_type":"article","og_title":"La corbella, oliva aut\u00f2ctona del Bages, arriba al circuit comercial - Oli Migjorn","og_description":"[vc_row][vc_column width=&#8221;1\/1&#8243;][dt_gap height=&#8221;20&#8243;][\/vc_column][\/vc_row][vc_row][vc_column][vc_column_text] El projecte agropecuari bagenc de Migjorn recupera velles oliveres abandonades i en planta de noves. D.C.SAG\u00c0S Afruitat, equilibrat i de gust potent. Aquesta podria ser la nota de tast de l&#8217;oli d&#8217;oliva extra verge Migjorn elaborat exclusivament amb olives de la varietat corbella, aut\u00f2ctona del Bages, que estava abandonada i en risc [&hellip;]","og_url":"https:\/\/olimigjorn.com\/en\/hello-world\/","og_site_name":"Oli Migjorn","article_published_time":"2015-07-26T09:10:08+00:00","twitter_card":"summary","twitter_misc":{"Escrit per":"olimigjorn","Temps estimat de lectura":"2 minuts"},"schema":{"@context":"https:\/\/schema.org","@graph":[]}},"_links":{"self":[{"href":"https:\/\/olimigjorn.com\/ca\/wp-json\/wp\/v2\/posts\/307"}],"collection":[{"href":"https:\/\/olimigjorn.com\/ca\/wp-json\/wp\/v2\/posts"}],"about":[{"href":"https:\/\/olimigjorn.com\/ca\/wp-json\/wp\/v2\/types\/post"}],"author":[{"embeddable":true,"href":"https:\/\/olimigjorn.com\/ca\/wp-json\/wp\/v2\/users\/2"}],"replies":[{"embeddable":true,"href":"https:\/\/olimigjorn.com\/ca\/wp-json\/wp\/v2\/comments?post=307"}],"version-history":[{"count":0,"href":"https:\/\/olimigjorn.com\/ca\/wp-json\/wp\/v2\/posts\/307\/revisions"}],"wp:featuredmedia":[{"embeddable":true,"href":"https:\/\/olimigjorn.com\/ca\/wp-json\/wp\/v2\/media\/32183"}],"wp:attachment":[{"href":"https:\/\/olimigjorn.com\/ca\/wp-json\/wp\/v2\/media?parent=307"}],"wp:term":[{"taxonomy":"category","embeddable":true,"href":"https:\/\/olimigjorn.com\/ca\/wp-json\/wp\/v2\/categories?post=307"},{"taxonomy":"post_tag","embeddable":true,"href":"https:\/\/olimigjorn.com\/ca\/wp-json\/wp\/v2\/tags?post=307"}],"curies":[{"name":"wp","href":"https:\/\/api.w.org\/{rel}","templated":true}]}}